{"id":1,"date":"2022-06-24T11:48:07","date_gmt":"2022-06-24T11:48:07","guid":{"rendered":"https:\/\/novarefriclima.com.br\/?p=1"},"modified":"2022-06-24T17:59:25","modified_gmt":"2022-06-24T17:59:25","slug":"hello-world","status":"publish","type":"post","link":"https:\/\/novarefriclima.com.br\/index.php\/2022\/06\/24\/hello-world\/","title":{"rendered":"Consumo de energia"},"content":{"rendered":"\n<p>Consumo de energia do ar-condicionado: saiba como economizar sem perder o conforto<\/p>\n\n\n\n<p>Muitos&nbsp;consumidores consideram o ar-condicionado o vil\u00e3o da conta de energia. Ma<\/p>\n\n\n<p>Consumo de energia do ar-condicionado: saiba como economizar sem perder o conforto<\/p>\n<p>Muitos\u00a0consumidores consideram o ar-condicionado o vil\u00e3o da conta de energia. Mas ser\u00e1 que \u00e9 mesmo justo fazer essa afirma\u00e7\u00e3o?<\/p>\n<p>A verdade \u00e9 que o\u00a0aparelho de ar condicionado certo, que esteja bem dimensionado para um ambiente, instalado corretamente e utilizado de maneira adequada pode garantir seu conforto t\u00e9rmico ao mesmo tempo que n\u00e3o pesa na sua conta de energia.<\/p>\n<p>Pensando em te ajudar a aumentar a efici\u00eancia do seu ar-condicionado, separamos abaixo algumas dicas para garantir que o consumo de energia dele seja o menor\u00a0poss\u00edvel. Veja s\u00f3:<\/p>\n<ol>\n<li><strong> Contrate um profissional capacitado para fazer a instala\u00e7\u00e3o<\/strong><\/li>\n<\/ol>\n<p>A instala\u00e7\u00e3o sempre deve ser feita da forma como indicada pelo fabricante. Uma instala\u00e7\u00e3o fora dos padr\u00f5es pode sim afetar o consumo de energia do ar-condicionado, pois far\u00e1 com que ele opere de maneira inadequada<\/p>\n<p>Por isso, contrate um profissional capacitado para fazer instala\u00e7\u00e3o. Alguns aparelhos at\u00e9 usam como propaganda a facilidade de instala\u00e7\u00e3o, contudo, n\u00e3o \u00e9 recomend\u00e1vel que voc\u00ea a fa\u00e7a sozinho em casa. Uma instala\u00e7\u00e3o feita corretamente favorece o funcionamento do aparelho.<\/p>\n<ol start=\"2\">\n<li><strong> Escolha o modelo adequado para seu ambiente<\/strong><\/li>\n<\/ol>\n<p>Existem\u00a0<a href=\"https:\/\/www.dufrio.com.br\/blog\/ar-condicionado\/comercial\/voce-conhece-os-diferentes-modelos-de-ar-condicionado\/\">alguns modelos de ar-condicionado<\/a>\u00a0e cada um ser\u00e1 melhor para uma necessidade. Os tr\u00eas principais tipos de modelos s\u00e3o:<\/p>\n<ul>\n<li>De janela: que s\u00e3o aqueles aparelhos tradicionais, cuja parte traseira fica para fora do\u00a0ambiente. Como essa \u00e9 uma tecnologia mais antiga, esses aparelhos s\u00e3o mais baratos, contudo fazem muito ru\u00eddo e podem consumir mais energia;<\/li>\n<li>Port\u00e1til: os aparelhos port\u00e1teis s\u00e3o indicados para quem n\u00e3o pode fazer altera\u00e7\u00f5es na estrutura do im\u00f3vel. \u00c9 poss\u00edvel encontrar aparelhos de diversas pot\u00eancias e voc\u00ea tem a facilidade de poder lev\u00e1-lo de um ambiente a outro;<\/li>\n<li>Split: esses modelos s\u00e3o o que h\u00e1 de mais novo no mercado. Sua instala\u00e7\u00e3o \u00e9 feita em duas partes, uma para dentro do ambiente que efetivamente joga o ar frio, e outra com o motor que regula a temperatura do ar instalada na parte externa. Isso diminui o ru\u00eddo. Al\u00e9m disso, por serem constru\u00eddos com uma tecnologia mais recente, os Split possuem maior efici\u00eancia energ\u00e9tica, principalmente quando falamos dos\u00a0<a href=\"https:\/\/www.dufrio.com.br\/blog\/ar-condicionado\/residencial\/preocupado-com-o-consumo-de-energia-ar-condicionado-conheca-tecnologia-inverter\/\">modelos Inverter<\/a>, que possuem funcionalidade especial para otimizar o consumo do aparelho.<\/li>\n<\/ul>\n<ol start=\"3\">\n<li><strong> Dimensione a carga t\u00e9rmica\u00a0correta para reduzir o consumo de energia do ar-condicionado<\/strong><\/li>\n<\/ol>\n<p>Os aparelhos de ar-condicionado podem vir em diversas capacidades. A pot\u00eancia de um ar-condicionado representa a capacidade dele de transformar o ar quente em frio por segundo e \u00e9 medida em BTUs.<\/p>\n<p>Sempre que\u00a0<a href=\"https:\/\/www.dufrio.com.br\/blog\/ar-condicionado\/residencial\/o-que-voce-deve-saber-antes-de-comprar-um-ar-condicionado\/\">pesquisar um aparelho<\/a>, voc\u00ea vai encontrar junto a informa\u00e7\u00e3o de quantos BTUs ele possui. Isso \u00e9 importante para que voc\u00ea dimensione corretamente a capacidade\u00a0que atender\u00e1 melhor o seu ambiente.<\/p>\n<p>Se voc\u00ea escolhe um ar-condicionado com capacidade\u00a0mais baixa do que deveria, h\u00e1 chances de que ele n\u00e3o consiga esfriar ou aquecer o ambiente adequadamente e acabe sobrecarregado, gastando mais energia. Por outro lado, se voc\u00ea super dimensiona a pot\u00eancia e adquiri\u00a0um aparelho de maior capacidade, ele tamb\u00e9m consumir\u00e1 mais sem que isso seja necess\u00e1rio.<\/p>\n<p>Por isso, use nossa\u00a0calculadora de BTUs\u00a0para saber qual a quantidade ideal para o aparelho de ar-condicionado do seu ambiente e fazer a escolha certa.<\/p>\n<ol start=\"4\">\n<li><strong> Siga as melhores recomenda\u00e7\u00f5es de uso<\/strong><\/li>\n<\/ol>\n<p>Com seu aparelho devidamente dimensionado e instalado, ainda h\u00e1 algumas a\u00e7\u00f5es aparentemente pequenas que podem ajudar a tirar o melhor do consumo de energia do aparelho. S\u00e3o elas:<\/p>\n<ul>\n<li>N\u00e3o ligue e desligue o aparelho com frequ\u00eancia. Algumas pessoas acham que devem sempre desligar o ar-condicionado quando sair com um ambiente. Isso \u00e9 at\u00e9 recomend\u00e1vel, contanto que voc\u00ea n\u00e3o precise lig\u00e1-lo novamente nos pr\u00f3ximos minutos, o que pode fazer com que ele consuma ainda mais energia;<\/li>\n<li>N\u00e3o coloque uma temperatura muito baixa para resfriar mais baixo. H\u00e1 um mito de que colocar a temperatura logo no 17\u00ba ajuda a resfriar o ambiente mais r\u00e1pido. Contudo, isso s\u00f3 faz com o que o ar-condicionado trabalhe mais e consuma mais energia;<\/li>\n<li>Mantenha os filtros limpos. A limpeza do ar-condicionado deve ser regular para garantir seu funcionamento em perfeitas condi\u00e7\u00f5es.<\/li>\n<\/ul>\n<p>Seguindo essas dicas para melhor o consumo de energia do ar-condicionado, suas preocupa\u00e7\u00f5es poder\u00e3o passar longe da pr\u00f3xima conta de luz que estiver para chegar.<\/p>\n<p>\u00a0<\/p>","protected":false},"excerpt":{"rendered":"<p>Consumo de energia do ar-condicionado: saiba como economizar sem perder o conforto Muitos&nbsp;consumidores consideram o ar-condicionado o vil\u00e3o da conta de energia. Ma Consumo de energia do ar-condicionado: saiba como economizar sem perder o conforto Muitos\u00a0consumidores consideram o ar-condicionado o vil\u00e3o da conta de energia. Mas ser\u00e1 que \u00e9 mesmo justo fazer essa afirma\u00e7\u00e3o? A [&hellip;]<\/p>\n","protected":false},"author":1,"featured_media":0,"comment_status":"open","ping_status":"open","sticky":false,"template":"","format":"standard","meta":{"footnotes":""},"categories":[1],"tags":[],"class_list":["post-1","post","type-post","status-publish","format-standard","hentry","category-novidades"],"_links":{"self":[{"href":"https:\/\/novarefriclima.com.br\/index.php\/wp-json\/wp\/v2\/posts\/1","targetHints":{"allow":["GET"]}}],"collection":[{"href":"https:\/\/novarefriclima.com.br\/index.php\/wp-json\/wp\/v2\/posts"}],"about":[{"href":"https:\/\/novarefriclima.com.br\/index.php\/wp-json\/wp\/v2\/types\/post"}],"author":[{"embeddable":true,"href":"https:\/\/novarefriclima.com.br\/index.php\/wp-json\/wp\/v2\/users\/1"}],"replies":[{"embeddable":true,"href":"https:\/\/novarefriclima.com.br\/index.php\/wp-json\/wp\/v2\/comments?post=1"}],"version-history":[{"count":2,"href":"https:\/\/novarefriclima.com.br\/index.php\/wp-json\/wp\/v2\/posts\/1\/revisions"}],"predecessor-version":[{"id":147,"href":"https:\/\/novarefriclima.com.br\/index.php\/wp-json\/wp\/v2\/posts\/1\/revisions\/147"}],"wp:attachment":[{"href":"https:\/\/novarefriclima.com.br\/index.php\/wp-json\/wp\/v2\/media?parent=1"}],"wp:term":[{"taxonomy":"category","embeddable":true,"href":"https:\/\/novarefriclima.com.br\/index.php\/wp-json\/wp\/v2\/categories?post=1"},{"taxonomy":"post_tag","embeddable":true,"href":"https:\/\/novarefriclima.com.br\/index.php\/wp-json\/wp\/v2\/tags?post=1"}],"curies":[{"name":"wp","href":"https:\/\/api.w.org\/{rel}","templated":true}]}}