{"id":212,"date":"2022-06-27T15:04:04","date_gmt":"2022-06-27T15:04:04","guid":{"rendered":"https:\/\/novarefriclima.com.br\/?p=212"},"modified":"2022-06-27T15:04:06","modified_gmt":"2022-06-27T15:04:06","slug":"motivos-para-ter-um-ar-condicionado-no-verao","status":"publish","type":"post","link":"https:\/\/novarefriclima.com.br\/index.php\/2022\/06\/27\/motivos-para-ter-um-ar-condicionado-no-verao\/","title":{"rendered":"Motivos para ter um ar-condicionado no ver\u00e3o"},"content":{"rendered":"\n<p><\/p>\n\n\n\n<p>Come\u00e7aremos, ent\u00e3o, com o calor. Vamos l\u00e1!<\/p>\n\n\n\n<p><strong>1. Elimina mosquitos e pernilongos.<\/strong><\/p>\n\n\n\n<p><img decoding=\"async\" width=\"96\" height=\"99\" src=\"\" alt=\"Mosquito_500px\">Sabe aquele zunido no ouvido quando voc\u00ea est\u00e1 deitado? Irritante, n\u00e3o \u00e9? Pois com o ar-condicionado esse problema acaba, uma vez que o ar mais frio gerado pelo aparelho faz com que os mosquitos fujam, deixando o caminho livre para uma boa noite de sono. Al\u00e9m disso, eles n\u00e3o tem livre acesso ao ambiente, j\u00e1 que as janelas e portas est\u00e3o fechadas.<\/p>\n\n\n\n<p><strong>2. Ideal para a sa\u00edda de banho<\/strong><\/p>\n\n\n\n<p>Em dias quentes, a mudan\u00e7a brusca de temperatura \u2013 do banho gelado para o ambiente quente \u2013 faz com que nosso corpo produza uma quantidade maior de suor, a fim de regular a temperatura interna. \u00c9 por isso que ficamos t\u00e3o suados logo ap\u00f3s a sa\u00edda de banho.&nbsp;Com o ar-condicionado isso pode ser evitado, j\u00e1 que a temperatura do quarto estar\u00e1 parecida com a do banheiro ap\u00f3s a ducha.<\/p>\n\n\n\n<p><strong>3. \u00d3timo aliado na hora das vendas<\/strong><\/p>\n\n\n\n<p>Em dias de ver\u00e3o, muitas pessoas que est\u00e3o andando pelas ruas acabam se protegendo do calor em ambientes climatizados, como&nbsp;<em>shoppings<\/em>&nbsp;e lojas comerciais. Durante o per\u00edodo que est\u00e3o dentro das lojas, muitas delas&nbsp;acabam fazendo compras, at\u00e9 mesmo por vergonha de estar parado dentro do estabelecimento. Por isso, nessas horas \u00e9 ideal ter um aparelho de ar condicionado em seu com\u00e9rcio.<\/p>\n\n\n\n<p><strong>4. Bom para deitar ao lado de&nbsp;seu parceiro(a)<\/strong><\/p>\n\n\n\n<p>Depois de um dia cansativo e entediante, voc\u00ea toma um banho e quer se deitar. Agora, imagine fazer isso sem um ar-condicionado? Provavelmente, voc\u00ea j\u00e1 sair\u00e1 suado do banho e deitar-se nessas condi\u00e7\u00f5es n\u00e3o \u00e9 nada agrad\u00e1vel, ainda mais para seu parceiro(a). Por isso, pense no bem-estar do casal.<\/p>\n\n\n\n<p><strong>Motivos para ter um ar-condicionado no&nbsp;inverno<\/strong><\/p>\n\n\n\n<p>Bom, assim como no ver\u00e3o, temos algumas situa\u00e7\u00f5es que ficam mais \u201ccomplicadas\u201d quando n\u00e3o temos um ar-condicionado. Vejamos algumas:<\/p>\n\n\n\n<p><strong>1. &nbsp;Disposi\u00e7\u00e3o na hora de acordar<\/strong><\/p>\n\n\n\n<p>Imagine que s\u00e3o 6 horas da manh\u00e3, faz 5\u00ba C l\u00e1 fora e voc\u00ea precisa se levantar para trabalhar. &nbsp;Imaginou? Ficou bem dif\u00edcil sair&nbsp;debaixo das cobertas para honrar os compromissos, n\u00e9? Com certeza um ar-condicionado reverso na posi\u00e7\u00e3o quente ajudaria muito, fazendo com que voc\u00ea acordasse&nbsp;mais disposto e animado.<\/p>\n\n\n\n<p><strong>2. Sa\u00edda de banho<\/strong><\/p>\n\n\n\n<p>Parece que n\u00e3o \u00e9 muito f\u00e1cil sair do banheiro ap\u00f3s uma ducha, tanto&nbsp;no ver\u00e3o&nbsp;quanto no inverno.&nbsp;Sair do banho em condi\u00e7\u00f5es de baixa temperatura n\u00e3o nos deixa suando, mas se torna desagrad\u00e1vel pelo frio na hora de vestir as roupas.<\/p>\n\n\n\n<p><strong>3. Deitar ao lado de seu parceiro(a)<\/strong><\/p>\n\n\n\n<p>Talvez voc\u00ea esteja acostumado a se cobrir com tantos cobertores que chegam a fazer peso. Saiba que, com um ar-condicionado, voc\u00ea pode dormir apenas com um len\u00e7ol.<\/p>\n\n\n\n<p><strong>4. Proporciona um ambiente com conforto t\u00e9rmico<\/strong><\/p>\n\n\n\n<p>O conforto t\u00e9rmico \u00e9 a temperatura ideal para o corpo sentir-se bem. Assim, colocar o seu ar-condicionado na fun\u00e7\u00e3o aquecimento \u00e9 ideal no inverno, apesar de algumas pessoas n\u00e3o gostarem da ideia.<\/p>\n\n\n\n<p><strong>Motivos para ter um ar-condicionado independente da&nbsp;temperatura<\/strong><\/p>\n\n\n\n<p>O ar-condicionado \u00e9 importante no ver\u00e3o e no inverno, como vimos. Mas, independente da esta\u00e7\u00e3o que voc\u00ea estiver, utilize-o. Isso porque\u2026<\/p>\n\n\n\n<p><strong>1. Evita a umidade e a forma\u00e7\u00e3o de mofo<\/strong><\/p>\n\n\n\n<p>Al\u00e9m da climatiza\u00e7\u00e3o do ambiente, o ar-condicionado reduz a umidade relativa do ar, mantendo-a abaixo dos 60% \u2013 valor considerado ideal pelos especialistas. Com menos umidade no ar, a prolifera\u00e7\u00e3o de fungos e bact\u00e9rias tamb\u00e9m diminui consideravelmente.<\/p>\n\n\n\n<p><strong>2. Mant\u00e9m a qualidade do ar, se usado conscientemente<\/strong><\/p>\n\n\n\n<p>Isso mesmo,&nbsp;usando-o&nbsp;conscientemente!&nbsp;Como falamos acima, reduz a umidade do ar e, com isso, aumenta a taxa de oxigena\u00e7\u00e3o do ambiente que, por sua vez, reduz a quantidade de poluentes.<\/p>\n\n\n\n<p><strong>Agora, \u00e9 s\u00f3 usar o seu aparelho!<\/strong><\/p>\n\n\n\n<p>Como mostramos, usar o aparelho de ar condicionado \u00e9 muito bom, pois nos ajuda em rotinas simples do cotidiano, mas que se tornam t\u00e3o dif\u00edceis em situa\u00e7\u00f5es de temperaturas extremas. Mas, obviamente, o uso desse aparelho deve ser moderado e sem exageros.<\/p>\n\n\n\n<p><strong><em>N\u00e3o se esque\u00e7a, somente aparelhos do tipo Reverso t\u00eam a fun\u00e7\u00e3o de esquentar o ambiente!<\/em><\/strong><em><\/em><\/p>\n\n\n\n<p><strong>Fonte<\/strong><\/p>\n\n\n\n<ul class=\"wp-block-list\"><li>webarcondicionado.com.br\/por-que-eu-preciso-de-um-ar-condicionado<\/li><\/ul>\n","protected":false},"excerpt":{"rendered":"<p>Come\u00e7aremos, ent\u00e3o, com o calor. Vamos l\u00e1! 1. Elimina mosquitos e pernilongos. Sabe aquele zunido no ouvido quando voc\u00ea est\u00e1 deitado? Irritante, n\u00e3o \u00e9? Pois com o ar-condicionado esse problema acaba, uma vez que o ar mais frio gerado pelo aparelho faz com que os mosquitos fujam, deixando o caminho livre para uma boa noite [&hellip;]<\/p>\n","protected":false},"author":1,"featured_media":0,"comment_status":"closed","ping_status":"open","sticky":false,"template":"","format":"standard","meta":{"footnotes":""},"categories":[1],"tags":[],"class_list":["post-212","post","type-post","status-publish","format-standard","hentry","category-novidades"],"_links":{"self":[{"href":"https:\/\/novarefriclima.com.br\/index.php\/wp-json\/wp\/v2\/posts\/212","targetHints":{"allow":["GET"]}}],"collection":[{"href":"https:\/\/novarefriclima.com.br\/index.php\/wp-json\/wp\/v2\/posts"}],"about":[{"href":"https:\/\/novarefriclima.com.br\/index.php\/wp-json\/wp\/v2\/types\/post"}],"author":[{"embeddable":true,"href":"https:\/\/novarefriclima.com.br\/index.php\/wp-json\/wp\/v2\/users\/1"}],"replies":[{"embeddable":true,"href":"https:\/\/novarefriclima.com.br\/index.php\/wp-json\/wp\/v2\/comments?post=212"}],"version-history":[{"count":1,"href":"https:\/\/novarefriclima.com.br\/index.php\/wp-json\/wp\/v2\/posts\/212\/revisions"}],"predecessor-version":[{"id":215,"href":"https:\/\/novarefriclima.com.br\/index.php\/wp-json\/wp\/v2\/posts\/212\/revisions\/215"}],"wp:attachment":[{"href":"https:\/\/novarefriclima.com.br\/index.php\/wp-json\/wp\/v2\/media?parent=212"}],"wp:term":[{"taxonomy":"category","embeddable":true,"href":"https:\/\/novarefriclima.com.br\/index.php\/wp-json\/wp\/v2\/categories?post=212"},{"taxonomy":"post_tag","embeddable":true,"href":"https:\/\/novarefriclima.com.br\/index.php\/wp-json\/wp\/v2\/tags?post=212"}],"curies":[{"name":"wp","href":"https:\/\/api.w.org\/{rel}","templated":true}]}}