{"id":213,"date":"2022-06-27T15:03:25","date_gmt":"2022-06-27T15:03:25","guid":{"rendered":"https:\/\/novarefriclima.com.br\/?p=213"},"modified":"2022-06-27T15:03:27","modified_gmt":"2022-06-27T15:03:27","slug":"o-uso-do-ar-condicionado-no-outono","status":"publish","type":"post","link":"https:\/\/novarefriclima.com.br\/index.php\/2022\/06\/27\/o-uso-do-ar-condicionado-no-outono\/","title":{"rendered":"O uso do ar-condicionado no outono"},"content":{"rendered":"\n<h3 class=\"wp-block-heading\"><\/h3>\n\n\n\n<p><\/p>\n\n\n\n<p>O ar-condicionado \u00e9 um dos eletrodom\u00e9sticos cuja procura cresceu consideravelmente nos \u00faltimos anos. Morando, estudando e trabalhando em lugares cada vez mais apertados e abafados, as pessoas n\u00e3o se contentam mais com os tradicionais ventiladores, que apenas reciclam o ar quente preso no recinto.<br><br>H\u00e1 quem pense que o ar-condicionado \u00e9 um item para usar s\u00f3 no ver\u00e3o. Isto at\u00e9 pode ser realidade em outros pa\u00edses cujo clima \u00e9 frio ou temperado, mas, no Brasil, faz calor o ano inteiro, at\u00e9 mesmo durante o inverno e em v\u00e1rias regi\u00f5es do pa\u00eds.<br><br><strong>O tempo todo ligado<\/strong><br><br>O ar geladinho que sai do aparelho \u00e9 uma prefer\u00eancia geral das pessoas, mesmo no inverno. E isto at\u00e9 por parte de quem n\u00e3o abre m\u00e3o dos cobertores para dormir. Muitas, por exemplo, j\u00e1 ligam o carro e o ar-condicionado no mesmo instante. Mas, um alerta: ar-condicionado de janela, de carro ou do tipo \u201csplit\u201d tamb\u00e9m requerem manuten\u00e7\u00e3o constante. \u00c9 preciso ficar de olho, especialmente, por conta do ac\u00famulo de part\u00edculas indesejadas no interior deles.<br><br><strong>Manuten\u00e7\u00e3o preventiva<\/strong><br><br>O ar polu\u00eddo das grandes cidades, o p\u00f3 dos locais rurais, a chuva e at\u00e9 a circula\u00e7\u00e3o de insetos est\u00e3o entre os problemas di\u00e1rios com os quais o ar-condicionado deve lidar. O aparelho faz a capta\u00e7\u00e3o ao ar livre e, antes de devolv\u00ea-lo fresquinho ao ambiente, precisa filtrar o material particulado que vem junto.<br><br>Para isto, esses equipamentos s\u00e3o dotados de um filtro que ir\u00e1 reter a sujeira, entregando um ar de qualidade superior na sa\u00edda. O filtro tem uma vida \u00fatil e precisa ser substitu\u00eddo periodicamente.<br><br>Alguns t\u00e9cnicos e pessoas menos zelosas apenas limpam o filtro com \u00e1gua ou jatos de ar quente, mas esse procedimento n\u00e3o \u00e9 indicado, j\u00e1 que altera as caracter\u00edsticas originais da pe\u00e7a.<br><br>Al\u00e9m da reposi\u00e7\u00e3o dos filtros, uma limpeza geral do aparelho \u00e9 recomendada, e tamb\u00e9m uma verifica\u00e7\u00e3o de sistemas el\u00e9tricos quer seja de casas t\u00e9rreas ou de pr\u00e9dios, j\u00e1 que esses aparelhos costumam utilizar uma corrente el\u00e9trica alta.<br><br><strong>Usando o olfato<\/strong><br><br>O recomend\u00e1vel pelos pr\u00f3prios fabricantes \u00e9 que a manuten\u00e7\u00e3o no aparelho de ar-condicionado de janela ou \u201csplit\u201d seja realizada, ao menos, uma vez ao ano. J\u00e1 em autom\u00f3veis, ela dever\u00e1 ser realizada de acordo com a quilometragem rodada ou anualmente, caso o carro rode pouco. Verifique sempre o manual do seu&nbsp;<a href=\"http:\/\/www.consul.com.br\/categoria\/ar-condicionados-janela\/\">aparelho<\/a>&nbsp;para ter certeza do prazo.<br><br>Para quem faz um uso mais severo dos aparelhos, entretanto, a regra \u00e9 seguir o bom senso. E ele \u00e9 indicado facilmente pelo nariz. Aparelhos sujos ou com filtragem ineficiente come\u00e7ar\u00e3o a apresentar um cheiro ruim na sa\u00edda, reconhecido como \u201ccheiro de mofo\u201d. Quando isso acontecer, n\u00e3o hesite em contatar assist\u00eancia t\u00e9cnica o mais breve poss\u00edvel.<br><br><strong>Outono e inverno<\/strong><br><br>Quando os equipamentos n\u00e3o s\u00e3o utilizados por algum tempo, eles deixam de ser corretamente lubrificados por falta de funcionamento e, por conta disso, tamb\u00e9m podem apresentar problemas.<br><br>A dica \u00e9 ligar o aparelho por alguns minutos de vez em quando para mant\u00ea-lo em circula\u00e7\u00e3o, mesmo sem necessidade de resfriar o ambiente.<br><br>Outra dica bastante comum e que vale para todos os modelos \u00e9 usar o aquecimento por alguns segundos antes de deslig\u00e1-lo, j\u00e1 que o ar quente previne o aparecimento de fungos no ar-condicionado.<\/p>\n","protected":false},"excerpt":{"rendered":"<p>O ar-condicionado \u00e9 um dos eletrodom\u00e9sticos cuja procura cresceu consideravelmente nos \u00faltimos anos. Morando, estudando e trabalhando em lugares cada vez mais apertados e abafados, as pessoas n\u00e3o se contentam mais com os tradicionais ventiladores, que apenas reciclam o ar quente preso no recinto. H\u00e1 quem pense que o ar-condicionado \u00e9 um item para usar [&hellip;]<\/p>\n","protected":false},"author":1,"featured_media":0,"comment_status":"closed","ping_status":"open","sticky":false,"template":"","format":"standard","meta":{"footnotes":""},"categories":[1],"tags":[],"class_list":["post-213","post","type-post","status-publish","format-standard","hentry","category-novidades"],"_links":{"self":[{"href":"https:\/\/novarefriclima.com.br\/index.php\/wp-json\/wp\/v2\/posts\/213","targetHints":{"allow":["GET"]}}],"collection":[{"href":"https:\/\/novarefriclima.com.br\/index.php\/wp-json\/wp\/v2\/posts"}],"about":[{"href":"https:\/\/novarefriclima.com.br\/index.php\/wp-json\/wp\/v2\/types\/post"}],"author":[{"embeddable":true,"href":"https:\/\/novarefriclima.com.br\/index.php\/wp-json\/wp\/v2\/users\/1"}],"replies":[{"embeddable":true,"href":"https:\/\/novarefriclima.com.br\/index.php\/wp-json\/wp\/v2\/comments?post=213"}],"version-history":[{"count":1,"href":"https:\/\/novarefriclima.com.br\/index.php\/wp-json\/wp\/v2\/posts\/213\/revisions"}],"predecessor-version":[{"id":214,"href":"https:\/\/novarefriclima.com.br\/index.php\/wp-json\/wp\/v2\/posts\/213\/revisions\/214"}],"wp:attachment":[{"href":"https:\/\/novarefriclima.com.br\/index.php\/wp-json\/wp\/v2\/media?parent=213"}],"wp:term":[{"taxonomy":"category","embeddable":true,"href":"https:\/\/novarefriclima.com.br\/index.php\/wp-json\/wp\/v2\/categories?post=213"},{"taxonomy":"post_tag","embeddable":true,"href":"https:\/\/novarefriclima.com.br\/index.php\/wp-json\/wp\/v2\/tags?post=213"}],"curies":[{"name":"wp","href":"https:\/\/api.w.org\/{rel}","templated":true}]}}