{"id":216,"date":"2022-06-27T15:05:57","date_gmt":"2022-06-27T15:05:57","guid":{"rendered":"https:\/\/novarefriclima.com.br\/?p=216"},"modified":"2022-06-27T15:12:48","modified_gmt":"2022-06-27T15:12:48","slug":"216","status":"publish","type":"post","link":"https:\/\/novarefriclima.com.br\/index.php\/2022\/06\/27\/216\/","title":{"rendered":"Os benef\u00edcios do ar-condicionado para o seu dia a dia!"},"content":{"rendered":"\n<p><\/p>\n\n\n\n<p>Atualmente, o ar-condicionado \u00e9 um aliado para&nbsp;<strong>refrescar os ambientes<\/strong>&nbsp;em que o calor \u00e9 predominante. Afinal, quem n\u00e3o gosta de estar em um ambiente friozinho e agrad\u00e1vel? No post de hoje, vamos conhecer alguns benef\u00edcios do ar-condicionado para o seu dia a dia!<\/p>\n\n\n\n<figure class=\"wp-block-image size-large\"><img fetchpriority=\"high\" decoding=\"async\" width=\"1024\" height=\"614\" src=\"https:\/\/novarefriclima.com.br\/wp-content\/uploads\/2022\/06\/33-1-1024x614.jpg\" alt=\"\" class=\"wp-image-217\" srcset=\"https:\/\/novarefriclima.com.br\/wp-content\/uploads\/2022\/06\/33-1-1024x614.jpg 1024w, https:\/\/novarefriclima.com.br\/wp-content\/uploads\/2022\/06\/33-1-300x180.jpg 300w, https:\/\/novarefriclima.com.br\/wp-content\/uploads\/2022\/06\/33-1-768x461.jpg 768w, https:\/\/novarefriclima.com.br\/wp-content\/uploads\/2022\/06\/33-1-1536x922.jpg 1536w, https:\/\/novarefriclima.com.br\/wp-content\/uploads\/2022\/06\/33-1.jpg 2000w\" sizes=\"(max-width: 1024px) 100vw, 1024px\" \/><\/figure>\n\n\n\n<p><a href=\"http:\/\/blog.newtemp.com.br\/wp-content\/uploads\/2013\/07\/beneficios-do-ar-condicionado-para-o-seu-dia-a-dia.jpg\"><\/a><\/p>\n\n\n\n<p><strong>\u00bb Proporcionando bem estar<\/strong><br>\u00c9 evidente que o ar-condicionado traz conforto, pois permite climatizar o local e manter a temperatura desejada em qualquer per\u00edodo do dia. Isso traduz em satisfa\u00e7\u00e3o e felicidade para o usu\u00e1rio, pois s\u00e3o sensa\u00e7\u00f5es que trazem resultados positivos em qualquer tipo de ambiente.<\/p>\n\n\n\n<p><strong>\u00bb M\u00faltiplas fun\u00e7\u00f5es<\/strong><br>O sistema de ar possui uma multiplicidade de fun\u00e7\u00f5es, entre as quais se destacam; o regulador de temperatura, controle de umidade e filtro do ar. Cada fun\u00e7\u00e3o determina a efici\u00eancia do aparelho, al\u00e9m de influenciar diretamente o nosso rendimento nas atividades do dia a dia.<\/p>\n\n\n\n<p><strong>\u00bb Mantenha seu equipamento sempre limpo<\/strong><br>O bom uso do condicionador de ar, em espa\u00e7os fechados, contribui bastante para o estado de sa\u00fade daqueles que circulam no ambiente, pois melhora o ar em circula\u00e7\u00e3o e conserva sua qualidade. Se o aparelho n\u00e3o estiver em condi\u00e7\u00f5es adequadas, o risco de poluir o ambiente \u00e9 maior e pode trazer consequ\u00eancias ao corpo, como, por exemplo,&nbsp; problemas respirat\u00f3rios. Veja algumas dicas para a maior efici\u00eancia do seu aparelho:<\/p>\n\n\n\n<figure class=\"wp-block-image size-large\"><img decoding=\"async\" width=\"1024\" height=\"614\" src=\"https:\/\/novarefriclima.com.br\/wp-content\/uploads\/2022\/06\/10-1024x614.jpg\" alt=\"\" class=\"wp-image-28\" srcset=\"https:\/\/novarefriclima.com.br\/wp-content\/uploads\/2022\/06\/10-1024x614.jpg 1024w, https:\/\/novarefriclima.com.br\/wp-content\/uploads\/2022\/06\/10-300x180.jpg 300w, https:\/\/novarefriclima.com.br\/wp-content\/uploads\/2022\/06\/10-768x461.jpg 768w, https:\/\/novarefriclima.com.br\/wp-content\/uploads\/2022\/06\/10-1536x922.jpg 1536w, https:\/\/novarefriclima.com.br\/wp-content\/uploads\/2022\/06\/10.jpg 2000w\" sizes=\"(max-width: 1024px) 100vw, 1024px\" \/><\/figure>\n\n\n\n<p><a href=\"http:\/\/blog.newtemp.com.br\/wp-content\/uploads\/2013\/07\/air-conditioner.jpg\"><\/a><\/p>\n\n\n\n<p>&#8211; Dimensione a \u00e1rea designada para refrigera\u00e7\u00e3o;<\/p>\n\n\n\n<p>&#8211; Limpe regularmente os filtros de ar para n\u00e3o acumular bact\u00e9rias;<\/p>\n\n\n\n<p>&#8211; Mantenha portas e janelas fechadas para que o ar frio n\u00e3o saia do ambiente;<\/p>\n\n\n\n<p>&#8211; Fa\u00e7a manuten\u00e7\u00f5es periodicamente.<\/p>\n","protected":false},"excerpt":{"rendered":"<p>Atualmente, o ar-condicionado \u00e9 um aliado para&nbsp;refrescar os ambientes&nbsp;em que o calor \u00e9 predominante. Afinal, quem n\u00e3o gosta de estar em um ambiente friozinho e agrad\u00e1vel? No post de hoje, vamos conhecer alguns benef\u00edcios do ar-condicionado para o seu dia a dia! \u00bb Proporcionando bem estar\u00c9 evidente que o ar-condicionado traz conforto, pois permite climatizar [&hellip;]<\/p>\n","protected":false},"author":1,"featured_media":0,"comment_status":"closed","ping_status":"open","sticky":false,"template":"","format":"standard","meta":{"footnotes":""},"categories":[1],"tags":[],"class_list":["post-216","post","type-post","status-publish","format-standard","hentry","category-novidades"],"_links":{"self":[{"href":"https:\/\/novarefriclima.com.br\/index.php\/wp-json\/wp\/v2\/posts\/216","targetHints":{"allow":["GET"]}}],"collection":[{"href":"https:\/\/novarefriclima.com.br\/index.php\/wp-json\/wp\/v2\/posts"}],"about":[{"href":"https:\/\/novarefriclima.com.br\/index.php\/wp-json\/wp\/v2\/types\/post"}],"author":[{"embeddable":true,"href":"https:\/\/novarefriclima.com.br\/index.php\/wp-json\/wp\/v2\/users\/1"}],"replies":[{"embeddable":true,"href":"https:\/\/novarefriclima.com.br\/index.php\/wp-json\/wp\/v2\/comments?post=216"}],"version-history":[{"count":2,"href":"https:\/\/novarefriclima.com.br\/index.php\/wp-json\/wp\/v2\/posts\/216\/revisions"}],"predecessor-version":[{"id":221,"href":"https:\/\/novarefriclima.com.br\/index.php\/wp-json\/wp\/v2\/posts\/216\/revisions\/221"}],"wp:attachment":[{"href":"https:\/\/novarefriclima.com.br\/index.php\/wp-json\/wp\/v2\/media?parent=216"}],"wp:term":[{"taxonomy":"category","embeddable":true,"href":"https:\/\/novarefriclima.com.br\/index.php\/wp-json\/wp\/v2\/categories?post=216"},{"taxonomy":"post_tag","embeddable":true,"href":"https:\/\/novarefriclima.com.br\/index.php\/wp-json\/wp\/v2\/tags?post=216"}],"curies":[{"name":"wp","href":"https:\/\/api.w.org\/{rel}","templated":true}]}}